{"id":212,"date":"2021-11-24T11:49:32","date_gmt":"2021-11-24T13:49:32","guid":{"rendered":"https:\/\/carlosqueiroz.adv.br\/novo\/?p=212"},"modified":"2021-11-24T12:16:36","modified_gmt":"2021-11-24T14:16:36","slug":"a-responsabilidade-subsidiaria-da-contratante-nos-contratos-de-prestacao-de-servicos","status":"publish","type":"post","link":"https:\/\/carlosqueiroz.adv.br\/novo\/2021\/11\/24\/a-responsabilidade-subsidiaria-da-contratante-nos-contratos-de-prestacao-de-servicos\/","title":{"rendered":"A Responsabilidade Subsidi\u00e1ria da Contratante nos Contratos de Presta\u00e7\u00e3o de Servi\u00e7os"},"content":{"rendered":"\n<p class=\"wp-block-paragraph\">Costumeiramente, h\u00e1, no \u00e2mbito empresarial, a subcontrata\u00e7\u00e3o de empresa especializada para a realiza\u00e7\u00e3o de atividades em geral, atrav\u00e9s de contrato de presta\u00e7\u00e3o de servi\u00e7os.<\/p>\n\n\n\n<p class=\"wp-block-paragraph\">Inclusive, a subcontrata\u00e7\u00e3o propicia maior efici\u00eancia no servi\u00e7o, assim como redu\u00e7\u00e3o de custos para a empresa contratante, pois se trata da coloca\u00e7\u00e3o de empresa especializada na realiza\u00e7\u00e3o de atividades espec\u00edficas, para as quais foi contratada.<\/p>\n\n\n\n<p class=\"wp-block-paragraph\">Todavia, apesar das benesses envolvidas no processo de subcontrata\u00e7\u00e3o, \u00e9 dever da empresa contratante promover, regularmente, a checagem da rela\u00e7\u00e3o da empresa contratada perante os seus colaboradores, mesmo sem a exist\u00eancia de v\u00ednculo empregat\u00edcio com estes.<\/p>\n\n\n\n<p class=\"wp-block-paragraph\">Isto ocorre pois a empresa tomadora dos servi\u00e7os poder\u00e1 ser responsabilizada nas esferas trabalhista e previdenci\u00e1ria por d\u00edvida contra\u00edda das rela\u00e7\u00f5es de emprego existentes entre a empresa terceirizada e os seus colaboradores. Ou seja, a empresa contratante poder\u00e1 ser responsabilizada judicialmente por fatos alheios \u00e0 sua gest\u00e3o, oriundos do v\u00ednculo empregat\u00edcio existente entre terceiros. Este \u00e9 o entendimento consolidados dos Tribunais.<\/p>\n\n\n\n<p class=\"wp-block-paragraph\">Assim, para preservar seu patrim\u00f4nio, a empresa contratante dever\u00e1 inserir cl\u00e1usulas contratuais capazes de elidir a responsabilidade civil decorrente da condena\u00e7\u00e3o da empresa contratada em d\u00e9bitos trabalhistas. Tais cl\u00e1usulas poder\u00e3o municiar a empresa contra a situa\u00e7\u00e3o acima relatada, atrav\u00e9s do ajuizamento de a\u00e7\u00e3o de regresso, aplica\u00e7\u00e3o de multa e\/ou rescis\u00e3o contratual.<\/p>\n\n\n\n<p class=\"wp-block-paragraph\">Igualmente, a negocia\u00e7\u00e3o e estipula\u00e7\u00e3o de cl\u00e1usulas contratuais espec\u00edficas contribuem para evitar poss\u00edveis lit\u00edgios advindos de um caso pr\u00e1tico. Assim, a expressa previs\u00e3o contratual poder\u00e1 precaver a empresa quanto ao seu patrim\u00f4nio, evitando preju\u00edzos financeiros inesperados, bem como poder\u00e1 propiciar \u00e0 empresa contratante a possibilidade de pleitear indeniza\u00e7\u00f5es.<\/p>\n\n\n\n<p class=\"wp-block-paragraph\"><\/p>\n\n\n\n<p class=\"wp-block-paragraph\"><strong><a href=\"https:\/\/www.linkedin.com\/in\/alexandre-asfora-filho-3570a1196\/\">Alexandre Asfora da Cunha Cavalcanti Filho<\/a><\/strong><\/p>\n\n\n\n<p class=\"has-normal-font-size wp-block-paragraph\"><strong>Advogado, membro do time Carlos Queiroz Advogados<\/strong>.<\/p>\n","protected":false},"excerpt":{"rendered":"<p>Costumeiramente, h\u00e1, no \u00e2mbito empresarial, a subcontrata\u00e7\u00e3o de empresa especializada para a realiza\u00e7\u00e3o de atividades em geral, atrav\u00e9s de contrato de presta\u00e7\u00e3o de servi\u00e7os. Inclusive, a subcontrata\u00e7\u00e3o propicia maior efici\u00eancia no servi\u00e7o, assim como redu\u00e7\u00e3o de custos para a empresa contratante, pois se trata da coloca\u00e7\u00e3o de empresa especializada na realiza\u00e7\u00e3o de atividades espec\u00edficas, para [&hellip;]<\/p>\n","protected":false},"author":1,"featured_media":213,"comment_status":"open","ping_status":"open","sticky":false,"template":"","format":"standard","meta":{"footnotes":""},"categories":[1],"tags":[],"class_list":["post-212","post","type-post","status-publish","format-standard","has-post-thumbnail","hentry","category-sem-categoria"],"_links":{"self":[{"href":"https:\/\/carlosqueiroz.adv.br\/novo\/wp-json\/wp\/v2\/posts\/212","targetHints":{"allow":["GET"]}}],"collection":[{"href":"https:\/\/carlosqueiroz.adv.br\/novo\/wp-json\/wp\/v2\/posts"}],"about":[{"href":"https:\/\/carlosqueiroz.adv.br\/novo\/wp-json\/wp\/v2\/types\/post"}],"author":[{"embeddable":true,"href":"https:\/\/carlosqueiroz.adv.br\/novo\/wp-json\/wp\/v2\/users\/1"}],"replies":[{"embeddable":true,"href":"https:\/\/carlosqueiroz.adv.br\/novo\/wp-json\/wp\/v2\/comments?post=212"}],"version-history":[{"count":1,"href":"https:\/\/carlosqueiroz.adv.br\/novo\/wp-json\/wp\/v2\/posts\/212\/revisions"}],"predecessor-version":[{"id":214,"href":"https:\/\/carlosqueiroz.adv.br\/novo\/wp-json\/wp\/v2\/posts\/212\/revisions\/214"}],"wp:featuredmedia":[{"embeddable":true,"href":"https:\/\/carlosqueiroz.adv.br\/novo\/wp-json\/wp\/v2\/media\/213"}],"wp:attachment":[{"href":"https:\/\/carlosqueiroz.adv.br\/novo\/wp-json\/wp\/v2\/media?parent=212"}],"wp:term":[{"taxonomy":"category","embeddable":true,"href":"https:\/\/carlosqueiroz.adv.br\/novo\/wp-json\/wp\/v2\/categories?post=212"},{"taxonomy":"post_tag","embeddable":true,"href":"https:\/\/carlosqueiroz.adv.br\/novo\/wp-json\/wp\/v2\/tags?post=212"}],"curies":[{"name":"wp","href":"https:\/\/api.w.org\/{rel}","templated":true}]}}